{"id":11357,"date":"2025-03-05T09:08:57","date_gmt":"2025-03-05T09:08:57","guid":{"rendered":"https:\/\/middlebyeurope.com\/?p=11357"},"modified":"2025-03-07T11:30:09","modified_gmt":"2025-03-07T11:30:09","slug":"middleby-treibt-expansion-in-europa-voran-neue-fuhrung-und-eroeffnung-einer-einzigartigen-gastronomieerlebniswelt-in-munchen","status":"publish","type":"post","link":"https:\/\/middlebyeurope.com\/de\/middleby-treibt-expansion-in-europa-voran-neue-fuhrung-und-eroeffnung-einer-einzigartigen-gastronomieerlebniswelt-in-munchen\/","title":{"rendered":"Middleby treibt Expansion in Europa voran: Neue Fu\u0308hrung und Er\u00f6ffnung einer einzigartigen Gastronomieerlebniswelt in Mu\u0308nchen"},"content":{"rendered":"<p class=\"p1\"><b>Olching bei M\u00fcnchen, Februar 2025 <\/b>\u2013 Middleby, einer der weltweit f\u00fchrenden Anbieter professioneller K\u00fcchentechnik, setzt 2025 seinen Wachstumskurs in Europa konsequent fort. Mit strategischen Neuerungen unterstreicht das Unternehmen seine Ambitionen, den europ\u00e4ischen Markt weiter zu erschlie\u00dfen und innovative L\u00f6sungen f\u00fcr die Gastronomiebranche bereitzustellen.<\/p>\n<h2 class=\"p1\"><span class=\"s1\"><b>Neue F\u00fchrung f\u00fcr die DACH-Region und Tschechien<\/b><\/span><\/h2>\n<p class=\"p1\">Middleby begr\u00fc\u00dft <b>Simon Seem\u00fcller <\/b>als neuen Managing Director f\u00fcr die M\u00e4rkte Deutschland, \u00d6sterreich, Schweiz (DACH) und Tschechien. Seem\u00fcller verf\u00fcgt \u00fcber umfassende Erfahrung in der Branche sowie ein starkes Netzwerk, um Middlebys Position in der Region weiter zu st\u00e4rken.<\/p>\n<blockquote>\n<p class=\"p1\"><em>\u201eIch freue mich darauf, Middlebys innovative Technologien und L\u00f6sungen in einer der spannendsten und dynamischsten Regionen Europas zu etablieren und gemeinsam mit dem Team neue Ma\u00dfst\u00e4be in der Branche zu setzen,\u201c<\/em> so Seem\u00fcller.<\/p>\n<p><img loading=\"lazy\" decoding=\"async\" class=\" wp-image-11362 alignright\" src=\"https:\/\/middlebyeurope.com\/wp-content\/uploads\/2025\/03\/Simon-Seemueller-Middleby-Germany-297x300.png\" alt=\"\" width=\"235\" height=\"237\" srcset=\"https:\/\/middlebyeurope.com\/wp-content\/uploads\/2025\/03\/Simon-Seemueller-Middleby-Germany-297x300.png 297w, https:\/\/middlebyeurope.com\/wp-content\/uploads\/2025\/03\/Simon-Seemueller-Middleby-Germany-150x150.png 150w, https:\/\/middlebyeurope.com\/wp-content\/uploads\/2025\/03\/Simon-Seemueller-Middleby-Germany.png 309w\" sizes=\"auto, (max-width: 235px) 100vw, 235px\" \/><\/p><\/blockquote>\n<h2 class=\"p1\"><span class=\"s1\"><b>Er\u00f6ffnung der Gastronomieerlebniswelt in M\u00fcnchen<\/b><\/span><\/h2>\n<p class=\"p1\">Ein Highlight des Jahres 2025 ist die geplante Er\u00f6ffnung einer Gastronomieerlebniswelt in M\u00fcnchen. Diese einzigartige Location wird nicht nur als Showroom f\u00fcr Middlebys hochmoderne K\u00fcchentechnologie dienen, sondern auch als Plattform f\u00fcr Live-Demonstrationen, Schulungen und Networking.<br \/>\nKunden und Partner k\u00f6nnen hier die gesamte Bandbreite der Middleby-Produkte in einer praxisnahen Umgebung erleben \u2013 von innovativen Kochtechnologien bis hin zu nachhaltigen L\u00f6sungen f\u00fcr die Gastronomie.<\/p>\n<h2 class=\"p1\"><span class=\"s1\"><b>Middleby auf Wachstumskurs<\/b><\/span><\/h2>\n<p class=\"p1\">Nach der Er\u00f6ffnung der Niederlassung in Gr\u00f6benzell baut Middleby seine Infrastruktur in Deutschland und Europa weiter aus. Diese neuen Initiativen spiegeln das Engagement wider, ma\u00dfgeschneiderte und nachhaltige L\u00f6sungen f\u00fcr die Herausforderungen der Gastronomiebranche zu bieten.<\/p>\n<blockquote>\n<p class=\"p1\"><em>\u201eTrotz politischer und wirtschaftlicher Herausforderungen w\u00e4chst das internationale Gesch\u00e4ft weiter. Der Ausbau unserer Marktpr\u00e4senz ist ein notwendiger Schritt, um unsere Vertriebspartner noch besser unterst\u00fctzen zu k\u00f6nnen,\u201c<\/em> betont die Unternehmensleitung.<\/p>\n<\/blockquote>\n<h2 class=\"p1\"><span class=\"s1\"><b>\u00dcber Middleby<\/b><\/span><\/h2>\n<p class=\"p1\">Middleby geh\u00f6rt zu den weltweit f\u00fchrenden Anbietern professioneller K\u00fcchentechnik und bietet L\u00f6sungen f\u00fcr Gastronomie, Hotellerie und Catering. Mit \u00fcber 100 Marken im Portfolio setzt das Unternehmen auf Innovation und Nachhaltigkeit, um den sich st\u00e4ndig wandelnden Anforderungen der Branche gerecht zu werden.<br \/>\nZu den in Deutschland bekannten Middleby-Marken z\u00e4hlen unter anderem <b>Lincat<\/b>, <b>TurboChef<\/b>, <b>FriFri <\/b>und <b>Firex<\/b>.<\/p>\n<h3 class=\"p1\"><b>Pressekontakt:<\/b><\/h3>\n<p class=\"p1\">enzian GmbH &amp; Co. KG<br \/>\nE-Mail: info@enzian-web.de<br \/>\nWeb: www.enzian-web.de<\/p>\n","protected":false},"excerpt":{"rendered":"<p>Olching bei M\u00fcnchen, Februar 2025 \u2013 Middleby, einer der weltweit f\u00fchrenden Anbieter professioneller K\u00fcchentechnik, setzt 2025 seinen Wachstumskurs in Europa konsequent fort. Mit strategischen Neuerungen unterstreicht das Unternehmen seine Ambitionen, den europ\u00e4ischen Markt weiter zu erschlie\u00dfen und innovative L\u00f6sungen f\u00fcr die Gastronomiebranche bereitzustellen. Neue F\u00fchrung f\u00fcr die DACH-Region und Tschechien Middleby begr\u00fc\u00dft Simon Seem\u00fcller als [&hellip;]<\/p>\n","protected":false},"author":6,"featured_media":11362,"comment_status":"closed","ping_status":"closed","sticky":false,"template":"","format":"standard","meta":{"_acf_changed":false,"footnotes":""},"categories":[206],"tags":[],"class_list":["post-11357","post","type-post","status-publish","format-standard","has-post-thumbnail","hentry","category-middleby-deutschland"],"acf":[],"_links":{"self":[{"href":"https:\/\/middlebyeurope.com\/de\/wp-json\/wp\/v2\/posts\/11357","targetHints":{"allow":["GET"]}}],"collection":[{"href":"https:\/\/middlebyeurope.com\/de\/wp-json\/wp\/v2\/posts"}],"about":[{"href":"https:\/\/middlebyeurope.com\/de\/wp-json\/wp\/v2\/types\/post"}],"author":[{"embeddable":true,"href":"https:\/\/middlebyeurope.com\/de\/wp-json\/wp\/v2\/users\/6"}],"replies":[{"embeddable":true,"href":"https:\/\/middlebyeurope.com\/de\/wp-json\/wp\/v2\/comments?post=11357"}],"version-history":[{"count":6,"href":"https:\/\/middlebyeurope.com\/de\/wp-json\/wp\/v2\/posts\/11357\/revisions"}],"predecessor-version":[{"id":11377,"href":"https:\/\/middlebyeurope.com\/de\/wp-json\/wp\/v2\/posts\/11357\/revisions\/11377"}],"wp:featuredmedia":[{"embeddable":true,"href":"https:\/\/middlebyeurope.com\/de\/wp-json\/wp\/v2\/media\/11362"}],"wp:attachment":[{"href":"https:\/\/middlebyeurope.com\/de\/wp-json\/wp\/v2\/media?parent=11357"}],"wp:term":[{"taxonomy":"category","embeddable":true,"href":"https:\/\/middlebyeurope.com\/de\/wp-json\/wp\/v2\/categories?post=11357"},{"taxonomy":"post_tag","embeddable":true,"href":"https:\/\/middlebyeurope.com\/de\/wp-json\/wp\/v2\/tags?post=11357"}],"curies":[{"name":"wp","href":"https:\/\/api.w.org\/{rel}","templated":true}]}}